{"id":6108,"date":"2010-10-11T06:23:18","date_gmt":"2010-10-11T11:23:18","guid":{"rendered":"http:\/\/www.modula4.com\/jon-hornstein-ist-neuer-ceo-von-modula4\/"},"modified":"2015-01-06T16:49:44","modified_gmt":"2015-01-07T00:49:44","slug":"jon-hornstein-ist-neuer-ceo-von-modula4","status":"publish","type":"post","link":"https:\/\/www.modula4.com\/de\/jon-hornstein-ist-neuer-ceo-von-modula4\/","title":{"rendered":"Jon Hornstein ist neuer CEO von Modula4"},"content":{"rendered":"<p>Ab sofort \u00fcbernimmt Jon Hornstein als neuer CEO die wirtschaftliche  Leitung von Modula4. Sowohl als Anbieter wie auch als Kunde von Digital  Asset Management Produkten und Dienstleistungen verf\u00fcgt er \u00fcber mehr als  achtzehn Jahre Erfahrung in der Branche. Der bisherige CEO Markus  Bohunovsky, einer der beiden Gr\u00fcnder von Modula4, wird den \u00dcbergang bis  zum Ende des Jahres begleiten und k\u00fcnftig das Unternehmen als Consultant  beraten.<\/p>\n<p>\u201cWir freuen uns sehr, mit Jon ein neues Kapitel zu  beginnen\u201c, erkl\u00e4rt der technischer Leiter und Mitgr\u00fcnder Michael  Gellner. \u201cJon Hornstein ist ein erfahrener Manager, der das Entstehen  und Wachsen des DAM-Marktes fast von Anfang an begleitet und gesteuert  hat. Dabei legt er gr\u00f6\u00dften Wert auf Kundenorientierung und praktische  L\u00f6sungen, die Kosteneffizienz mit technischer Brillanz verbinden. Seine  Erfahrungen in Management, Verkauf und Marketing erm\u00f6glichen Modula4,  mit neuer Energie weiterzuwachsen und gleichzeitig die Orientierung auf  die Zufriedenheit unserer Kunden noch mehr zu st\u00e4rken.\u201d<\/p>\n<p>Seit der  Gr\u00fcndung 2004 hat sich Modula4 als weltweit gr\u00f6\u00dfter unabh\u00e4ngiger  Verk\u00e4ufer und Systemintegrator f\u00fcr die Cumulus Software von Canto  etabliert, dem Marktf\u00fchrer f\u00fcr Digital Asset Management Software. Mit  B\u00fcros ins San Francisco und Berlin bietet Modula4 umfassende  DAM-L\u00f6sungen f\u00fcr Kunden in den verschiedensten Branchen weltweit, von  Werbung, Medien und Entertainment \u00fcber Industrie und Handel bis hin zu  Bildungseinrichtungen und Beh\u00f6rden.<\/p>\n<p>Zus\u00e4tzlich zum Verkauf der  Cumulus Software bietet Modula4 die Systemintegration, verschiedenste  Trainings, Beratung und ma\u00dfgeschneiderte Anpassungen an. Dar\u00fcber hinaus  entwickelt Modula4 eigene Module f\u00fcr Cumulus, welche die Funktionalit\u00e4t  der Kernsoftware betr\u00e4chtlich erweitern. Diese Module werden auch von  Canto sowie anderen Handelspartnern von Modula4 verkauft.<\/p>\n<p>\u201cModula4  hat sich zu einem Synonym f\u00fcr technische Expertise und un\u00fcbertroffenen  Kundenservice entwickelt. Ich werde auf dieser Tradition aufbauen\u201d,  verspricht Hornstein. \u201cPraktisch jede Organisation oder Firma ben\u00f6tigt  ein Digital Asset Management System, aber viele vewenden noch keines.  Dies bietet Modula4 gro\u00dfe Chancen. Mit unserer Erfahrung in allen  Aspekten des Digital Asset Management, durch den Kontakt zu den  verschiedensten Branchen und unserem Ruf als Unternehmen mit  herausragender Kundenorientierung sind wir bestens aufgestellt. Wir  haben uns vorgenommen, den Markt f\u00fcr DAM L\u00f6sungen insgesamt zu  vergr\u00f6\u00dfern und dabei unseren Anteil auszubauen.\u201d<\/p>\n<p>Jon Hornstein war  zuletzt Direktor von NASA Images bei The Internet Archive. Dort hat er  in Zusammenarbeit mit der NASA das Projekt geleitet, welches das  weltweit gr\u00f6\u00dfte Repositorium f\u00fcr Medien der NASA auf einer einzelnen  Internetseite geschaffen hat. Zuvor hat Hornstein als General Manager  f\u00fcr Erickson Productions gearbeitet, eine b\u00f6rsennotierte Medienagentur,  davor als Vizepr\u00e4sident f\u00fcr Unternehmensstrategie der Digital Media  Solutions Group von iXL, einer Medien- und eCommerce-Agentur. Seine  berufliche Karriere hat er als Gr\u00fcndungsdirektor des Installations- und  Integrationsservices von Canto begonnen.<\/p>\n<p>\u201cJon ist die ideale  Besetzung, um Modula4 weiter zu entwickeln\u201c, ist Markus Bohunovsky  \u00fcberzeugt. \u201cEr denkt strategisch und hat immer das Wohl des Kunden im  Blick. Ich habe vollstes Vertrauen in ihn und freue mich darauf, mit Jon  den \u00dcbergang zu gestalten.\u201d<\/p>\n<p>&nbsp;<\/p>\n","protected":false},"excerpt":{"rendered":"<p>Ab sofort \u00fcbernimmt Jon Hornstein als neuer CEO die wirtschaftliche Leitung von Modula4. Sowohl als Anbieter wie auch als Kunde von Digital Asset Management Produkten und Dienstleistungen verf\u00fcgt er \u00fcber mehr als achtzehn Jahre Erfahrung in der Branche. Der bisherige CEO Markus Bohunovsky, einer der beiden Gr\u00fcnder von Modula4, wird den \u00dcbergang bis zum Ende <a class=\"read-more\" href=\"https:\/\/www.modula4.com\/de\/jon-hornstein-ist-neuer-ceo-von-modula4\/\">&#8230; &nbsp;Weiterlesen &gt;<\/a><\/p>\n","protected":false},"author":2,"featured_media":0,"comment_status":"open","ping_status":"open","sticky":false,"template":"","format":"standard","meta":{"_monsterinsights_skip_tracking":false,"_monsterinsights_sitenote_active":false,"_monsterinsights_sitenote_note":"","_monsterinsights_sitenote_category":0,"footnotes":""},"categories":[44],"tags":[],"class_list":["post-6108","post","type-post","status-publish","format-standard","hentry","category-nachrichten"],"yoast_head":"<!-- This site is optimized with the Yoast SEO Premium plugin v26.4 (Yoast SEO v27.5) - https:\/\/yoast.com\/product\/yoast-seo-premium-wordpress\/ -->\n<title>Joh Hornstein has joined Modula4 as the new CEO<\/title>\n<meta name=\"description\" content=\"Jon Hornstein has been appointed CEO of Modula4, Inc. Jon brings 18 years experience as both a provider and customer of DAM products and services.\" \/>\n<meta name=\"robots\" content=\"index, follow, max-snippet:-1, max-image-preview:large, max-video-preview:-1\" \/>\n<link rel=\"canonical\" href=\"https:\/\/www.modula4.com\/de\/jon-hornstein-ist-neuer-ceo-von-modula4\/\" \/>\n<meta property=\"og:locale\" content=\"de_DE\" \/>\n<meta property=\"og:type\" content=\"article\" \/>\n<meta property=\"og:title\" content=\"Jon Hornstein ist neuer CEO von Modula4\" \/>\n<meta property=\"og:description\" content=\"Jon Hornstein has been appointed CEO of Modula4, Inc. Jon brings 18 years experience as both a provider and customer of DAM products and services.\" \/>\n<meta property=\"og:url\" content=\"https:\/\/www.modula4.com\/de\/jon-hornstein-ist-neuer-ceo-von-modula4\/\" \/>\n<meta property=\"og:site_name\" content=\"Modula4\" \/>\n<meta property=\"article:publisher\" content=\"https:\/\/www.linkedin.com\/company\/modula4\/\" \/>\n<meta property=\"article:published_time\" content=\"2010-10-11T11:23:18+00:00\" \/>\n<meta property=\"article:modified_time\" content=\"2015-01-07T00:49:44+00:00\" \/>\n<meta name=\"author\" content=\"Modula4\" \/>\n<meta name=\"twitter:label1\" content=\"Verfasst von\" \/>\n\t<meta name=\"twitter:data1\" content=\"Modula4\" \/>\n\t<meta name=\"twitter:label2\" content=\"Gesch\u00e4tzte Lesezeit\" \/>\n\t<meta name=\"twitter:data2\" content=\"3\u00a0Minuten\" \/>\n<script type=\"application\/ld+json\" class=\"yoast-schema-graph\">{\"@context\":\"https:\\\/\\\/schema.org\",\"@graph\":[{\"@type\":\"Article\",\"@id\":\"https:\\\/\\\/www.modula4.com\\\/de\\\/jon-hornstein-ist-neuer-ceo-von-modula4\\\/#article\",\"isPartOf\":{\"@id\":\"https:\\\/\\\/www.modula4.com\\\/de\\\/jon-hornstein-ist-neuer-ceo-von-modula4\\\/\"},\"author\":{\"name\":\"Modula4\",\"@id\":\"https:\\\/\\\/www.modula4.com\\\/#\\\/schema\\\/person\\\/337540c3e7257ac5d7f7184b4dc2a1dc\"},\"headline\":\"Jon Hornstein ist neuer CEO von Modula4\",\"datePublished\":\"2010-10-11T11:23:18+00:00\",\"dateModified\":\"2015-01-07T00:49:44+00:00\",\"mainEntityOfPage\":{\"@id\":\"https:\\\/\\\/www.modula4.com\\\/de\\\/jon-hornstein-ist-neuer-ceo-von-modula4\\\/\"},\"wordCount\":510,\"commentCount\":0,\"publisher\":{\"@id\":\"https:\\\/\\\/www.modula4.com\\\/#organization\"},\"articleSection\":[\"Nachrichten\"],\"inLanguage\":\"de\",\"potentialAction\":[{\"@type\":\"CommentAction\",\"name\":\"Comment\",\"target\":[\"https:\\\/\\\/www.modula4.com\\\/de\\\/jon-hornstein-ist-neuer-ceo-von-modula4\\\/#respond\"]}]},{\"@type\":\"WebPage\",\"@id\":\"https:\\\/\\\/www.modula4.com\\\/de\\\/jon-hornstein-ist-neuer-ceo-von-modula4\\\/\",\"url\":\"https:\\\/\\\/www.modula4.com\\\/de\\\/jon-hornstein-ist-neuer-ceo-von-modula4\\\/\",\"name\":\"Joh Hornstein has joined Modula4 as the new CEO\",\"isPartOf\":{\"@id\":\"https:\\\/\\\/www.modula4.com\\\/#website\"},\"datePublished\":\"2010-10-11T11:23:18+00:00\",\"dateModified\":\"2015-01-07T00:49:44+00:00\",\"description\":\"Jon Hornstein has been appointed CEO of Modula4, Inc. Jon brings 18 years experience as both a provider and customer of DAM products and services.\",\"breadcrumb\":{\"@id\":\"https:\\\/\\\/www.modula4.com\\\/de\\\/jon-hornstein-ist-neuer-ceo-von-modula4\\\/#breadcrumb\"},\"inLanguage\":\"de\",\"potentialAction\":[{\"@type\":\"ReadAction\",\"target\":[\"https:\\\/\\\/www.modula4.com\\\/de\\\/jon-hornstein-ist-neuer-ceo-von-modula4\\\/\"]}]},{\"@type\":\"BreadcrumbList\",\"@id\":\"https:\\\/\\\/www.modula4.com\\\/de\\\/jon-hornstein-ist-neuer-ceo-von-modula4\\\/#breadcrumb\",\"itemListElement\":[{\"@type\":\"ListItem\",\"position\":1,\"name\":\"Home\",\"item\":\"https:\\\/\\\/www.modula4.com\\\/de\\\/\"},{\"@type\":\"ListItem\",\"position\":2,\"name\":\"Jon Hornstein ist neuer CEO von Modula4\"}]},{\"@type\":\"WebSite\",\"@id\":\"https:\\\/\\\/www.modula4.com\\\/#website\",\"url\":\"https:\\\/\\\/www.modula4.com\\\/\",\"name\":\"Modula4\",\"description\":\"Dedicated Experts. Complete Solutions. Real Results.\",\"publisher\":{\"@id\":\"https:\\\/\\\/www.modula4.com\\\/#organization\"},\"potentialAction\":[{\"@type\":\"SearchAction\",\"target\":{\"@type\":\"EntryPoint\",\"urlTemplate\":\"https:\\\/\\\/www.modula4.com\\\/?s={search_term_string}\"},\"query-input\":{\"@type\":\"PropertyValueSpecification\",\"valueRequired\":true,\"valueName\":\"search_term_string\"}}],\"inLanguage\":\"de\"},{\"@type\":\"Organization\",\"@id\":\"https:\\\/\\\/www.modula4.com\\\/#organization\",\"name\":\"Modula4\",\"url\":\"https:\\\/\\\/www.modula4.com\\\/\",\"logo\":{\"@type\":\"ImageObject\",\"inLanguage\":\"de\",\"@id\":\"https:\\\/\\\/www.modula4.com\\\/#\\\/schema\\\/logo\\\/image\\\/\",\"url\":\"https:\\\/\\\/www.modula4.com\\\/wp-content\\\/uploads\\\/M4-Logo-rgb.png\",\"contentUrl\":\"https:\\\/\\\/www.modula4.com\\\/wp-content\\\/uploads\\\/M4-Logo-rgb.png\",\"width\":190,\"height\":42,\"caption\":\"Modula4\"},\"image\":{\"@id\":\"https:\\\/\\\/www.modula4.com\\\/#\\\/schema\\\/logo\\\/image\\\/\"},\"sameAs\":[\"https:\\\/\\\/www.linkedin.com\\\/company\\\/modula4\\\/\"]},{\"@type\":\"Person\",\"@id\":\"https:\\\/\\\/www.modula4.com\\\/#\\\/schema\\\/person\\\/337540c3e7257ac5d7f7184b4dc2a1dc\",\"name\":\"Modula4\",\"image\":{\"@type\":\"ImageObject\",\"inLanguage\":\"de\",\"@id\":\"https:\\\/\\\/secure.gravatar.com\\\/avatar\\\/4c96748dedf025a444eb49359d0cbfc6d155269ede06fb4c0d8bfa6338e444a2?s=96&d=mm&r=g\",\"url\":\"https:\\\/\\\/secure.gravatar.com\\\/avatar\\\/4c96748dedf025a444eb49359d0cbfc6d155269ede06fb4c0d8bfa6338e444a2?s=96&d=mm&r=g\",\"contentUrl\":\"https:\\\/\\\/secure.gravatar.com\\\/avatar\\\/4c96748dedf025a444eb49359d0cbfc6d155269ede06fb4c0d8bfa6338e444a2?s=96&d=mm&r=g\",\"caption\":\"Modula4\"},\"url\":\"https:\\\/\\\/www.modula4.com\\\/de\\\/author\\\/modula4\\\/\"}]}<\/script>\n<!-- \/ Yoast SEO Premium plugin. -->","yoast_head_json":{"title":"Joh Hornstein has joined Modula4 as the new CEO","description":"Jon Hornstein has been appointed CEO of Modula4, Inc. Jon brings 18 years experience as both a provider and customer of DAM products and services.","robots":{"index":"index","follow":"follow","max-snippet":"max-snippet:-1","max-image-preview":"max-image-preview:large","max-video-preview":"max-video-preview:-1"},"canonical":"https:\/\/www.modula4.com\/de\/jon-hornstein-ist-neuer-ceo-von-modula4\/","og_locale":"de_DE","og_type":"article","og_title":"Jon Hornstein ist neuer CEO von Modula4","og_description":"Jon Hornstein has been appointed CEO of Modula4, Inc. Jon brings 18 years experience as both a provider and customer of DAM products and services.","og_url":"https:\/\/www.modula4.com\/de\/jon-hornstein-ist-neuer-ceo-von-modula4\/","og_site_name":"Modula4","article_publisher":"https:\/\/www.linkedin.com\/company\/modula4\/","article_published_time":"2010-10-11T11:23:18+00:00","article_modified_time":"2015-01-07T00:49:44+00:00","author":"Modula4","twitter_misc":{"Verfasst von":"Modula4","Gesch\u00e4tzte Lesezeit":"3\u00a0Minuten"},"schema":{"@context":"https:\/\/schema.org","@graph":[{"@type":"Article","@id":"https:\/\/www.modula4.com\/de\/jon-hornstein-ist-neuer-ceo-von-modula4\/#article","isPartOf":{"@id":"https:\/\/www.modula4.com\/de\/jon-hornstein-ist-neuer-ceo-von-modula4\/"},"author":{"name":"Modula4","@id":"https:\/\/www.modula4.com\/#\/schema\/person\/337540c3e7257ac5d7f7184b4dc2a1dc"},"headline":"Jon Hornstein ist neuer CEO von Modula4","datePublished":"2010-10-11T11:23:18+00:00","dateModified":"2015-01-07T00:49:44+00:00","mainEntityOfPage":{"@id":"https:\/\/www.modula4.com\/de\/jon-hornstein-ist-neuer-ceo-von-modula4\/"},"wordCount":510,"commentCount":0,"publisher":{"@id":"https:\/\/www.modula4.com\/#organization"},"articleSection":["Nachrichten"],"inLanguage":"de","potentialAction":[{"@type":"CommentAction","name":"Comment","target":["https:\/\/www.modula4.com\/de\/jon-hornstein-ist-neuer-ceo-von-modula4\/#respond"]}]},{"@type":"WebPage","@id":"https:\/\/www.modula4.com\/de\/jon-hornstein-ist-neuer-ceo-von-modula4\/","url":"https:\/\/www.modula4.com\/de\/jon-hornstein-ist-neuer-ceo-von-modula4\/","name":"Joh Hornstein has joined Modula4 as the new CEO","isPartOf":{"@id":"https:\/\/www.modula4.com\/#website"},"datePublished":"2010-10-11T11:23:18+00:00","dateModified":"2015-01-07T00:49:44+00:00","description":"Jon Hornstein has been appointed CEO of Modula4, Inc. Jon brings 18 years experience as both a provider and customer of DAM products and services.","breadcrumb":{"@id":"https:\/\/www.modula4.com\/de\/jon-hornstein-ist-neuer-ceo-von-modula4\/#breadcrumb"},"inLanguage":"de","potentialAction":[{"@type":"ReadAction","target":["https:\/\/www.modula4.com\/de\/jon-hornstein-ist-neuer-ceo-von-modula4\/"]}]},{"@type":"BreadcrumbList","@id":"https:\/\/www.modula4.com\/de\/jon-hornstein-ist-neuer-ceo-von-modula4\/#breadcrumb","itemListElement":[{"@type":"ListItem","position":1,"name":"Home","item":"https:\/\/www.modula4.com\/de\/"},{"@type":"ListItem","position":2,"name":"Jon Hornstein ist neuer CEO von Modula4"}]},{"@type":"WebSite","@id":"https:\/\/www.modula4.com\/#website","url":"https:\/\/www.modula4.com\/","name":"Modula4","description":"Dedicated Experts. Complete Solutions. Real Results.","publisher":{"@id":"https:\/\/www.modula4.com\/#organization"},"potentialAction":[{"@type":"SearchAction","target":{"@type":"EntryPoint","urlTemplate":"https:\/\/www.modula4.com\/?s={search_term_string}"},"query-input":{"@type":"PropertyValueSpecification","valueRequired":true,"valueName":"search_term_string"}}],"inLanguage":"de"},{"@type":"Organization","@id":"https:\/\/www.modula4.com\/#organization","name":"Modula4","url":"https:\/\/www.modula4.com\/","logo":{"@type":"ImageObject","inLanguage":"de","@id":"https:\/\/www.modula4.com\/#\/schema\/logo\/image\/","url":"https:\/\/www.modula4.com\/wp-content\/uploads\/M4-Logo-rgb.png","contentUrl":"https:\/\/www.modula4.com\/wp-content\/uploads\/M4-Logo-rgb.png","width":190,"height":42,"caption":"Modula4"},"image":{"@id":"https:\/\/www.modula4.com\/#\/schema\/logo\/image\/"},"sameAs":["https:\/\/www.linkedin.com\/company\/modula4\/"]},{"@type":"Person","@id":"https:\/\/www.modula4.com\/#\/schema\/person\/337540c3e7257ac5d7f7184b4dc2a1dc","name":"Modula4","image":{"@type":"ImageObject","inLanguage":"de","@id":"https:\/\/secure.gravatar.com\/avatar\/4c96748dedf025a444eb49359d0cbfc6d155269ede06fb4c0d8bfa6338e444a2?s=96&d=mm&r=g","url":"https:\/\/secure.gravatar.com\/avatar\/4c96748dedf025a444eb49359d0cbfc6d155269ede06fb4c0d8bfa6338e444a2?s=96&d=mm&r=g","contentUrl":"https:\/\/secure.gravatar.com\/avatar\/4c96748dedf025a444eb49359d0cbfc6d155269ede06fb4c0d8bfa6338e444a2?s=96&d=mm&r=g","caption":"Modula4"},"url":"https:\/\/www.modula4.com\/de\/author\/modula4\/"}]}},"_links":{"self":[{"href":"https:\/\/www.modula4.com\/de\/wp-json\/wp\/v2\/posts\/6108","targetHints":{"allow":["GET"]}}],"collection":[{"href":"https:\/\/www.modula4.com\/de\/wp-json\/wp\/v2\/posts"}],"about":[{"href":"https:\/\/www.modula4.com\/de\/wp-json\/wp\/v2\/types\/post"}],"author":[{"embeddable":true,"href":"https:\/\/www.modula4.com\/de\/wp-json\/wp\/v2\/users\/2"}],"replies":[{"embeddable":true,"href":"https:\/\/www.modula4.com\/de\/wp-json\/wp\/v2\/comments?post=6108"}],"version-history":[{"count":1,"href":"https:\/\/www.modula4.com\/de\/wp-json\/wp\/v2\/posts\/6108\/revisions"}],"predecessor-version":[{"id":6702,"href":"https:\/\/www.modula4.com\/de\/wp-json\/wp\/v2\/posts\/6108\/revisions\/6702"}],"wp:attachment":[{"href":"https:\/\/www.modula4.com\/de\/wp-json\/wp\/v2\/media?parent=6108"}],"wp:term":[{"taxonomy":"category","embeddable":true,"href":"https:\/\/www.modula4.com\/de\/wp-json\/wp\/v2\/categories?post=6108"},{"taxonomy":"post_tag","embeddable":true,"href":"https:\/\/www.modula4.com\/de\/wp-json\/wp\/v2\/tags?post=6108"}],"curies":[{"name":"wp","href":"https:\/\/api.w.org\/{rel}","templated":true}]}}